{"id":20769793,"date":"2017-12-15T09:00:03","date_gmt":"2017-12-15T08:00:03","guid":{"rendered":"http:\/\/www.franchiseverband.com\/blog\/?p=20769793"},"modified":"2017-12-11T13:41:57","modified_gmt":"2017-12-11T12:41:57","slug":"15-tuerchen-mit-schulbildung-den-richtigen-weg-bahnen","status":"publish","type":"post","link":"https:\/\/www.franchiseverband.com\/blog\/2017\/12\/15\/15-tuerchen-mit-schulbildung-den-richtigen-weg-bahnen","title":{"rendered":"15. T\u00fcrchen: Mit Schulbildung den richtigen Weg bahnen"},"content":{"rendered":"<p><a href=\"https:\/\/www.franchiseverband.com\/blog\/wp-content\/uploads\/2017\/12\/adventskalender_dfv_15.png\"><img loading=\"lazy\" decoding=\"async\" class=\"alignright size-medium wp-image-20769798\" src=\"https:\/\/www.franchiseverband.com\/blog\/wp-content\/uploads\/2017\/12\/adventskalender_dfv_15-300x300.png\" alt=\"\" width=\"300\" height=\"300\" srcset=\"https:\/\/www.franchiseverband.com\/blog\/wp-content\/uploads\/2017\/12\/adventskalender_dfv_15-300x300.png 300w, https:\/\/www.franchiseverband.com\/blog\/wp-content\/uploads\/2017\/12\/adventskalender_dfv_15-150x150.png 150w, https:\/\/www.franchiseverband.com\/blog\/wp-content\/uploads\/2017\/12\/adventskalender_dfv_15-600x600.png 600w, https:\/\/www.franchiseverband.com\/blog\/wp-content\/uploads\/2017\/12\/adventskalender_dfv_15-65x65.png 65w, https:\/\/www.franchiseverband.com\/blog\/wp-content\/uploads\/2017\/12\/adventskalender_dfv_15.png 700w\" sizes=\"(max-width: 300px) 100vw, 300px\" \/><\/a>Der Blick auf die Welt verpflichtet, neben den sch\u00f6nen Dingen des Lebens \u2013 die gerade Engel &amp; V\u00f6lkers so vertraut sind \u2013 auch die Not zu sehen und dort zu helfen, wo es am n\u00f6tigsten ist. Die Lebensumst\u00e4nde der Kinder in der Dritten Welt lassen keinen Raum f\u00fcr Ausfl\u00fcchte und Diskussionen. Hier muss schnell und unb\u00fcrokratisch geholfen werden. Zu den Herausforderungen der Globalisierung geh\u00f6rt nicht nur die wirtschaftliche Vernetzung, sondern vor allem die soziale und humanit\u00e4re.<!--more--><\/p>\n<p>&nbsp;<\/p>\n<p>&nbsp;<\/p>\n<p><a href=\"https:\/\/www.franchiseverband.com\/blog\/wp-content\/uploads\/2017\/12\/Unterricht_2.jpg\"><img loading=\"lazy\" decoding=\"async\" class=\"size-medium wp-image-20769797 alignleft\" src=\"https:\/\/www.franchiseverband.com\/blog\/wp-content\/uploads\/2017\/12\/Unterricht_2-300x225.jpg\" alt=\"\" width=\"300\" height=\"225\" srcset=\"https:\/\/www.franchiseverband.com\/blog\/wp-content\/uploads\/2017\/12\/Unterricht_2-300x225.jpg 300w, https:\/\/www.franchiseverband.com\/blog\/wp-content\/uploads\/2017\/12\/Unterricht_2-768x576.jpg 768w, https:\/\/www.franchiseverband.com\/blog\/wp-content\/uploads\/2017\/12\/Unterricht_2-1024x768.jpg 1024w, https:\/\/www.franchiseverband.com\/blog\/wp-content\/uploads\/2017\/12\/Unterricht_2-600x450.jpg 600w, https:\/\/www.franchiseverband.com\/blog\/wp-content\/uploads\/2017\/12\/Unterricht_2-320x240.jpg 320w\" sizes=\"(max-width: 300px) 100vw, 300px\" \/><\/a>Im Oktober 2008 wurde der Engel &amp; V\u00f6lkers Charity e.V. ins Leben gerufen, um aktiv ein Schulprojekt in Togo\/Westafrika zu unterst\u00fctzen. Mithilfe der gro\u00dfz\u00fcgigen Unterst\u00fctzung unserer Mitarbeiter, Lizenzpartner sowie des Engel &amp; V\u00f6lkers Vorstandes finanzieren wir gemeinsam eine Grundschule im Dorf Agbetiko, in der in den kommenden Jahren mehr als 200 Kinder unterrichtet werden k\u00f6nnen. Die Kinder lernen in der franz\u00f6sischen Amtssprache lesen, schreiben und rechnen und bekommen alle Schulmaterialien gestellt. F\u00fcr zwei warme Mahlzeiten am Tag ist ebenfalls gesorgt.<\/p>\n<p><a href=\"https:\/\/www.franchiseverband.com\/blog\/wp-content\/uploads\/2017\/12\/1_Gruppe_Togo.jpg\"><img loading=\"lazy\" decoding=\"async\" class=\"size-medium wp-image-20769794 alignright\" src=\"https:\/\/www.franchiseverband.com\/blog\/wp-content\/uploads\/2017\/12\/1_Gruppe_Togo-300x205.jpg\" alt=\"\" width=\"300\" height=\"205\" srcset=\"https:\/\/www.franchiseverband.com\/blog\/wp-content\/uploads\/2017\/12\/1_Gruppe_Togo-300x205.jpg 300w, https:\/\/www.franchiseverband.com\/blog\/wp-content\/uploads\/2017\/12\/1_Gruppe_Togo-600x410.jpg 600w, https:\/\/www.franchiseverband.com\/blog\/wp-content\/uploads\/2017\/12\/1_Gruppe_Togo.jpg 731w\" sizes=\"(max-width: 300px) 100vw, 300px\" \/><\/a>Die Kinder des ersten Jahrgangs der Engel &amp; V\u00f6lkers Schule haben im Sommer alle mit herausragenden Ergebnissen die Grundschulpr\u00fcfung CEPD bestanden. Dieser tolle Erfolg zeigt uns, wie wichtig der Bau einer weiterf\u00fchrenden Schule ist. Bis zum kommenden Schuljahr planen wir die Fertigstellung eines eigenen Coll\u00e8ge, in dem die Kinder auf ihren Mittleren Schulabschluss vorbereitet werden.<\/p>\n<p>Bitte unterst\u00fctzen Sie uns bei der Verwirklichung dieses gro\u00dfartigen Vorhabens. Jede Spende ist gleicherma\u00dfen wichtig und willkommen. Herzlichen Dank!<\/p>\n<p>Weitere Informationen zur Initiative stehen unter <a href=\"https:\/\/www.engelvoelkers.com\/de-de\/charity\/spenden\/\">https:\/\/www.engelvoelkers.com\/de-de\/charity\/spenden\/<\/a> zur Verf\u00fcgung.<\/p>\n","protected":false},"excerpt":{"rendered":"<p>Der Blick auf die Welt verpflichtet, neben den sch\u00f6nen Dingen des Lebens \u2013 die gerade Engel &amp; V\u00f6lkers so vertraut sind \u2013 auch die Not zu sehen und dort zu helfen, wo es am n\u00f6tigsten ist. Die Lebensumst\u00e4nde der Kinder in der Dritten Welt lassen keinen Raum f\u00fcr Ausfl\u00fcchte und Diskussionen. Hier muss schnell und [&hellip;]<\/p>\n","protected":false},"author":28,"featured_media":0,"comment_status":"open","ping_status":"open","sticky":false,"template":"","format":"standard","meta":{"footnotes":""},"categories":[1],"tags":[1452,1019,928,930,947,937,934,939,1130,1108,1081,1235,1312,929,967,1450,1102,1052,1030,1451,1449,980],"class_list":["post-20769793","post","type-post","status-publish","format-standard","hentry","category-allgemein","tag-adventskalender-2017","tag-existenzgruendung","tag-franchise","tag-franchise-nehmer","tag-franchise-verband","tag-franchisegeber","tag-franchisekonzept","tag-franchisenehmer","tag-franchisesystem","tag-franchisesysteme","tag-franchiseverband","tag-franchisewirtschaft","tag-franchisezentrale","tag-franchising","tag-franchsing","tag-gutes-multiplizieren","tag-kooperationen","tag-mittelstand","tag-nachhaltigkeit","tag-soziale-verantwortung","tag-soziales-engagement","tag-wirtschaft"],"yoast_head":"<!-- This site is optimized with the Yoast SEO plugin v27.9 - https:\/\/yoast.com\/product\/yoast-seo-wordpress\/ -->\n<title>15. T\u00fcrchen: Mit Schulbildung den richtigen Weg bahnen - Deutscher Franchiseverband<\/title>\n<meta name=\"robots\" content=\"index, follow, max-snippet:-1, max-image-preview:large, max-video-preview:-1\" \/>\n<link rel=\"canonical\" href=\"https:\/\/www.franchiseverband.com\/blog\/2017\/12\/15\/15-tuerchen-mit-schulbildung-den-richtigen-weg-bahnen\" \/>\n<meta property=\"og:locale\" content=\"de_DE\" \/>\n<meta property=\"og:type\" content=\"article\" \/>\n<meta property=\"og:title\" content=\"15. T\u00fcrchen: Mit Schulbildung den richtigen Weg bahnen - Deutscher Franchiseverband\" \/>\n<meta property=\"og:description\" content=\"Der Blick auf die Welt verpflichtet, neben den sch\u00f6nen Dingen des Lebens \u2013 die gerade Engel &amp; V\u00f6lkers so vertraut sind \u2013 auch die Not zu sehen und dort zu helfen, wo es am n\u00f6tigsten ist. Die Lebensumst\u00e4nde der Kinder in der Dritten Welt lassen keinen Raum f\u00fcr Ausfl\u00fcchte und Diskussionen. Hier muss schnell und [&hellip;]\" \/>\n<meta property=\"og:url\" content=\"https:\/\/www.franchiseverband.com\/blog\/2017\/12\/15\/15-tuerchen-mit-schulbildung-den-richtigen-weg-bahnen\" \/>\n<meta property=\"og:site_name\" content=\"Deutscher Franchiseverband\" \/>\n<meta property=\"article:publisher\" content=\"https:\/\/www.facebook.com\/Franchisewirtschaft\/\" \/>\n<meta property=\"article:published_time\" content=\"2017-12-15T08:00:03+00:00\" \/>\n<meta property=\"og:image\" content=\"https:\/\/www.franchiseverband.com\/blog\/wp-content\/uploads\/2017\/12\/adventskalender_dfv_15-300x300.png\" \/>\n<meta name=\"author\" content=\"Antje Katrin Piel\" \/>\n<meta name=\"twitter:card\" content=\"summary_large_image\" \/>\n<meta name=\"twitter:label1\" content=\"Verfasst von\" \/>\n\t<meta name=\"twitter:data1\" content=\"Antje Katrin Piel\" \/>\n\t<meta name=\"twitter:label2\" content=\"Gesch\u00e4tzte Lesezeit\" \/>\n\t<meta name=\"twitter:data2\" content=\"1\u00a0Minute\" \/>\n<script type=\"application\/ld+json\" class=\"yoast-schema-graph\">{\"@context\":\"https:\\\/\\\/schema.org\",\"@graph\":[{\"@type\":\"Article\",\"@id\":\"https:\\\/\\\/www.franchiseverband.com\\\/blog\\\/2017\\\/12\\\/15\\\/15-tuerchen-mit-schulbildung-den-richtigen-weg-bahnen#article\",\"isPartOf\":{\"@id\":\"https:\\\/\\\/www.franchiseverband.com\\\/blog\\\/2017\\\/12\\\/15\\\/15-tuerchen-mit-schulbildung-den-richtigen-weg-bahnen\"},\"author\":{\"name\":\"Antje Katrin Piel\",\"@id\":\"https:\\\/\\\/www.franchiseverband.com\\\/blog\\\/#\\\/schema\\\/person\\\/9d6ef54f6e436968a09cad43a38d0957\"},\"headline\":\"15. T\u00fcrchen: Mit Schulbildung den richtigen Weg bahnen\",\"datePublished\":\"2017-12-15T08:00:03+00:00\",\"mainEntityOfPage\":{\"@id\":\"https:\\\/\\\/www.franchiseverband.com\\\/blog\\\/2017\\\/12\\\/15\\\/15-tuerchen-mit-schulbildung-den-richtigen-weg-bahnen\"},\"wordCount\":279,\"commentCount\":0,\"publisher\":{\"@id\":\"https:\\\/\\\/www.franchiseverband.com\\\/blog\\\/#organization\"},\"image\":{\"@id\":\"https:\\\/\\\/www.franchiseverband.com\\\/blog\\\/2017\\\/12\\\/15\\\/15-tuerchen-mit-schulbildung-den-richtigen-weg-bahnen#primaryimage\"},\"thumbnailUrl\":\"https:\\\/\\\/www.franchiseverband.com\\\/blog\\\/wp-content\\\/uploads\\\/2017\\\/12\\\/adventskalender_dfv_15-300x300.png\",\"keywords\":[\"Adventskalender 2017\",\"Existenzgr\u00fcndung\",\"franchise\",\"franchise nehmer\",\"Franchise-Verband\",\"franchisegeber\",\"franchisekonzept\",\"Franchisenehmer\",\"Franchisesystem\",\"franchisesysteme\",\"Franchiseverband\",\"Franchisewirtschaft\",\"Franchisezentrale\",\"franchising\",\"franchsing\",\"Gutes multiplizieren\",\"kooperationen\",\"Mittelstand\",\"Nachhaltigkeit\",\"Soziale Verantwortung\",\"Soziales Engagement\",\"wirtschaft\"],\"inLanguage\":\"de\"},{\"@type\":\"WebPage\",\"@id\":\"https:\\\/\\\/www.franchiseverband.com\\\/blog\\\/2017\\\/12\\\/15\\\/15-tuerchen-mit-schulbildung-den-richtigen-weg-bahnen\",\"url\":\"https:\\\/\\\/www.franchiseverband.com\\\/blog\\\/2017\\\/12\\\/15\\\/15-tuerchen-mit-schulbildung-den-richtigen-weg-bahnen\",\"name\":\"15. T\u00fcrchen: Mit Schulbildung den richtigen Weg bahnen - Deutscher Franchiseverband\",\"isPartOf\":{\"@id\":\"https:\\\/\\\/www.franchiseverband.com\\\/blog\\\/#website\"},\"primaryImageOfPage\":{\"@id\":\"https:\\\/\\\/www.franchiseverband.com\\\/blog\\\/2017\\\/12\\\/15\\\/15-tuerchen-mit-schulbildung-den-richtigen-weg-bahnen#primaryimage\"},\"image\":{\"@id\":\"https:\\\/\\\/www.franchiseverband.com\\\/blog\\\/2017\\\/12\\\/15\\\/15-tuerchen-mit-schulbildung-den-richtigen-weg-bahnen#primaryimage\"},\"thumbnailUrl\":\"https:\\\/\\\/www.franchiseverband.com\\\/blog\\\/wp-content\\\/uploads\\\/2017\\\/12\\\/adventskalender_dfv_15-300x300.png\",\"datePublished\":\"2017-12-15T08:00:03+00:00\",\"breadcrumb\":{\"@id\":\"https:\\\/\\\/www.franchiseverband.com\\\/blog\\\/2017\\\/12\\\/15\\\/15-tuerchen-mit-schulbildung-den-richtigen-weg-bahnen#breadcrumb\"},\"inLanguage\":\"de\",\"potentialAction\":[{\"@type\":\"ReadAction\",\"target\":[\"https:\\\/\\\/www.franchiseverband.com\\\/blog\\\/2017\\\/12\\\/15\\\/15-tuerchen-mit-schulbildung-den-richtigen-weg-bahnen\"]}]},{\"@type\":\"ImageObject\",\"inLanguage\":\"de\",\"@id\":\"https:\\\/\\\/www.franchiseverband.com\\\/blog\\\/2017\\\/12\\\/15\\\/15-tuerchen-mit-schulbildung-den-richtigen-weg-bahnen#primaryimage\",\"url\":\"https:\\\/\\\/www.franchiseverband.com\\\/blog\\\/wp-content\\\/uploads\\\/2017\\\/12\\\/adventskalender_dfv_15.png\",\"contentUrl\":\"https:\\\/\\\/www.franchiseverband.com\\\/blog\\\/wp-content\\\/uploads\\\/2017\\\/12\\\/adventskalender_dfv_15.png\",\"width\":700,\"height\":700},{\"@type\":\"BreadcrumbList\",\"@id\":\"https:\\\/\\\/www.franchiseverband.com\\\/blog\\\/2017\\\/12\\\/15\\\/15-tuerchen-mit-schulbildung-den-richtigen-weg-bahnen#breadcrumb\",\"itemListElement\":[{\"@type\":\"ListItem\",\"position\":1,\"name\":\"Startseite\",\"item\":\"https:\\\/\\\/www.franchiseverband.com\\\/blog\"},{\"@type\":\"ListItem\",\"position\":2,\"name\":\"15. T\u00fcrchen: Mit Schulbildung den richtigen Weg bahnen\"}]},{\"@type\":\"WebSite\",\"@id\":\"https:\\\/\\\/www.franchiseverband.com\\\/blog\\\/#website\",\"url\":\"https:\\\/\\\/www.franchiseverband.com\\\/blog\\\/\",\"name\":\"Deutscher Franchiseverband\",\"description\":\"Neuigkeiten aus der Franchisewirtschaft - Aktuelles, Entwicklungen, Trends und Tipps\",\"publisher\":{\"@id\":\"https:\\\/\\\/www.franchiseverband.com\\\/blog\\\/#organization\"},\"potentialAction\":[{\"@type\":\"SearchAction\",\"target\":{\"@type\":\"EntryPoint\",\"urlTemplate\":\"https:\\\/\\\/www.franchiseverband.com\\\/blog\\\/?s={search_term_string}\"},\"query-input\":{\"@type\":\"PropertyValueSpecification\",\"valueRequired\":true,\"valueName\":\"search_term_string\"}}],\"inLanguage\":\"de\"},{\"@type\":\"Organization\",\"@id\":\"https:\\\/\\\/www.franchiseverband.com\\\/blog\\\/#organization\",\"name\":\"Deutscher Franchiseverband e.V.\",\"url\":\"https:\\\/\\\/www.franchiseverband.com\\\/blog\\\/\",\"logo\":{\"@type\":\"ImageObject\",\"inLanguage\":\"de\",\"@id\":\"https:\\\/\\\/www.franchiseverband.com\\\/blog\\\/#\\\/schema\\\/logo\\\/image\\\/\",\"url\":\"https:\\\/\\\/www.franchiseverband.com\\\/blog\\\/wp-content\\\/uploads\\\/2017\\\/12\\\/dfv-logo.svg\",\"contentUrl\":\"https:\\\/\\\/www.franchiseverband.com\\\/blog\\\/wp-content\\\/uploads\\\/2017\\\/12\\\/dfv-logo.svg\",\"width\":1,\"height\":1,\"caption\":\"Deutscher Franchiseverband e.V.\"},\"image\":{\"@id\":\"https:\\\/\\\/www.franchiseverband.com\\\/blog\\\/#\\\/schema\\\/logo\\\/image\\\/\"},\"sameAs\":[\"https:\\\/\\\/www.facebook.com\\\/Franchisewirtschaft\\\/\"]},{\"@type\":\"Person\",\"@id\":\"https:\\\/\\\/www.franchiseverband.com\\\/blog\\\/#\\\/schema\\\/person\\\/9d6ef54f6e436968a09cad43a38d0957\",\"name\":\"Antje Katrin Piel\",\"image\":{\"@type\":\"ImageObject\",\"inLanguage\":\"de\",\"@id\":\"https:\\\/\\\/secure.gravatar.com\\\/avatar\\\/a08016daa6e518d8d00b4ee2a5bcf3dd39fe6d7d183d6029a887907a433f1248?s=96&d=mm&r=g\",\"url\":\"https:\\\/\\\/secure.gravatar.com\\\/avatar\\\/a08016daa6e518d8d00b4ee2a5bcf3dd39fe6d7d183d6029a887907a433f1248?s=96&d=mm&r=g\",\"contentUrl\":\"https:\\\/\\\/secure.gravatar.com\\\/avatar\\\/a08016daa6e518d8d00b4ee2a5bcf3dd39fe6d7d183d6029a887907a433f1248?s=96&d=mm&r=g\",\"caption\":\"Antje Katrin Piel\"},\"description\":\"Kommunikation steuern, Marken st\u00e4rken, Image pr\u00e4gen. Das Ziel: Die bunte Vielfalt der Franchisewirtschaft zeichnen \u2013 in \u00d6ffentlichkeit und Medien.\",\"sameAs\":[\"http:\\\/\\\/www.franchiseverband.com\"],\"url\":\"https:\\\/\\\/www.franchiseverband.com\\\/blog\\\/author\\\/antje-katrin-piel\"}]}<\/script>\n<!-- \/ Yoast SEO plugin. -->","yoast_head_json":{"title":"15. T\u00fcrchen: Mit Schulbildung den richtigen Weg bahnen - Deutscher Franchiseverband","robots":{"index":"index","follow":"follow","max-snippet":"max-snippet:-1","max-image-preview":"max-image-preview:large","max-video-preview":"max-video-preview:-1"},"canonical":"https:\/\/www.franchiseverband.com\/blog\/2017\/12\/15\/15-tuerchen-mit-schulbildung-den-richtigen-weg-bahnen","og_locale":"de_DE","og_type":"article","og_title":"15. T\u00fcrchen: Mit Schulbildung den richtigen Weg bahnen - Deutscher Franchiseverband","og_description":"Der Blick auf die Welt verpflichtet, neben den sch\u00f6nen Dingen des Lebens \u2013 die gerade Engel &amp; V\u00f6lkers so vertraut sind \u2013 auch die Not zu sehen und dort zu helfen, wo es am n\u00f6tigsten ist. Die Lebensumst\u00e4nde der Kinder in der Dritten Welt lassen keinen Raum f\u00fcr Ausfl\u00fcchte und Diskussionen. Hier muss schnell und [&hellip;]","og_url":"https:\/\/www.franchiseverband.com\/blog\/2017\/12\/15\/15-tuerchen-mit-schulbildung-den-richtigen-weg-bahnen","og_site_name":"Deutscher Franchiseverband","article_publisher":"https:\/\/www.facebook.com\/Franchisewirtschaft\/","article_published_time":"2017-12-15T08:00:03+00:00","og_image":[{"url":"https:\/\/www.franchiseverband.com\/blog\/wp-content\/uploads\/2017\/12\/adventskalender_dfv_15-300x300.png","type":"","width":"","height":""}],"author":"Antje Katrin Piel","twitter_card":"summary_large_image","twitter_misc":{"Verfasst von":"Antje Katrin Piel","Gesch\u00e4tzte Lesezeit":"1\u00a0Minute"},"schema":{"@context":"https:\/\/schema.org","@graph":[{"@type":"Article","@id":"https:\/\/www.franchiseverband.com\/blog\/2017\/12\/15\/15-tuerchen-mit-schulbildung-den-richtigen-weg-bahnen#article","isPartOf":{"@id":"https:\/\/www.franchiseverband.com\/blog\/2017\/12\/15\/15-tuerchen-mit-schulbildung-den-richtigen-weg-bahnen"},"author":{"name":"Antje Katrin Piel","@id":"https:\/\/www.franchiseverband.com\/blog\/#\/schema\/person\/9d6ef54f6e436968a09cad43a38d0957"},"headline":"15. T\u00fcrchen: Mit Schulbildung den richtigen Weg bahnen","datePublished":"2017-12-15T08:00:03+00:00","mainEntityOfPage":{"@id":"https:\/\/www.franchiseverband.com\/blog\/2017\/12\/15\/15-tuerchen-mit-schulbildung-den-richtigen-weg-bahnen"},"wordCount":279,"commentCount":0,"publisher":{"@id":"https:\/\/www.franchiseverband.com\/blog\/#organization"},"image":{"@id":"https:\/\/www.franchiseverband.com\/blog\/2017\/12\/15\/15-tuerchen-mit-schulbildung-den-richtigen-weg-bahnen#primaryimage"},"thumbnailUrl":"https:\/\/www.franchiseverband.com\/blog\/wp-content\/uploads\/2017\/12\/adventskalender_dfv_15-300x300.png","keywords":["Adventskalender 2017","Existenzgr\u00fcndung","franchise","franchise nehmer","Franchise-Verband","franchisegeber","franchisekonzept","Franchisenehmer","Franchisesystem","franchisesysteme","Franchiseverband","Franchisewirtschaft","Franchisezentrale","franchising","franchsing","Gutes multiplizieren","kooperationen","Mittelstand","Nachhaltigkeit","Soziale Verantwortung","Soziales Engagement","wirtschaft"],"inLanguage":"de"},{"@type":"WebPage","@id":"https:\/\/www.franchiseverband.com\/blog\/2017\/12\/15\/15-tuerchen-mit-schulbildung-den-richtigen-weg-bahnen","url":"https:\/\/www.franchiseverband.com\/blog\/2017\/12\/15\/15-tuerchen-mit-schulbildung-den-richtigen-weg-bahnen","name":"15. T\u00fcrchen: Mit Schulbildung den richtigen Weg bahnen - Deutscher Franchiseverband","isPartOf":{"@id":"https:\/\/www.franchiseverband.com\/blog\/#website"},"primaryImageOfPage":{"@id":"https:\/\/www.franchiseverband.com\/blog\/2017\/12\/15\/15-tuerchen-mit-schulbildung-den-richtigen-weg-bahnen#primaryimage"},"image":{"@id":"https:\/\/www.franchiseverband.com\/blog\/2017\/12\/15\/15-tuerchen-mit-schulbildung-den-richtigen-weg-bahnen#primaryimage"},"thumbnailUrl":"https:\/\/www.franchiseverband.com\/blog\/wp-content\/uploads\/2017\/12\/adventskalender_dfv_15-300x300.png","datePublished":"2017-12-15T08:00:03+00:00","breadcrumb":{"@id":"https:\/\/www.franchiseverband.com\/blog\/2017\/12\/15\/15-tuerchen-mit-schulbildung-den-richtigen-weg-bahnen#breadcrumb"},"inLanguage":"de","potentialAction":[{"@type":"ReadAction","target":["https:\/\/www.franchiseverband.com\/blog\/2017\/12\/15\/15-tuerchen-mit-schulbildung-den-richtigen-weg-bahnen"]}]},{"@type":"ImageObject","inLanguage":"de","@id":"https:\/\/www.franchiseverband.com\/blog\/2017\/12\/15\/15-tuerchen-mit-schulbildung-den-richtigen-weg-bahnen#primaryimage","url":"https:\/\/www.franchiseverband.com\/blog\/wp-content\/uploads\/2017\/12\/adventskalender_dfv_15.png","contentUrl":"https:\/\/www.franchiseverband.com\/blog\/wp-content\/uploads\/2017\/12\/adventskalender_dfv_15.png","width":700,"height":700},{"@type":"BreadcrumbList","@id":"https:\/\/www.franchiseverband.com\/blog\/2017\/12\/15\/15-tuerchen-mit-schulbildung-den-richtigen-weg-bahnen#breadcrumb","itemListElement":[{"@type":"ListItem","position":1,"name":"Startseite","item":"https:\/\/www.franchiseverband.com\/blog"},{"@type":"ListItem","position":2,"name":"15. T\u00fcrchen: Mit Schulbildung den richtigen Weg bahnen"}]},{"@type":"WebSite","@id":"https:\/\/www.franchiseverband.com\/blog\/#website","url":"https:\/\/www.franchiseverband.com\/blog\/","name":"Deutscher Franchiseverband","description":"Neuigkeiten aus der Franchisewirtschaft - Aktuelles, Entwicklungen, Trends und Tipps","publisher":{"@id":"https:\/\/www.franchiseverband.com\/blog\/#organization"},"potentialAction":[{"@type":"SearchAction","target":{"@type":"EntryPoint","urlTemplate":"https:\/\/www.franchiseverband.com\/blog\/?s={search_term_string}"},"query-input":{"@type":"PropertyValueSpecification","valueRequired":true,"valueName":"search_term_string"}}],"inLanguage":"de"},{"@type":"Organization","@id":"https:\/\/www.franchiseverband.com\/blog\/#organization","name":"Deutscher Franchiseverband e.V.","url":"https:\/\/www.franchiseverband.com\/blog\/","logo":{"@type":"ImageObject","inLanguage":"de","@id":"https:\/\/www.franchiseverband.com\/blog\/#\/schema\/logo\/image\/","url":"https:\/\/www.franchiseverband.com\/blog\/wp-content\/uploads\/2017\/12\/dfv-logo.svg","contentUrl":"https:\/\/www.franchiseverband.com\/blog\/wp-content\/uploads\/2017\/12\/dfv-logo.svg","width":1,"height":1,"caption":"Deutscher Franchiseverband e.V."},"image":{"@id":"https:\/\/www.franchiseverband.com\/blog\/#\/schema\/logo\/image\/"},"sameAs":["https:\/\/www.facebook.com\/Franchisewirtschaft\/"]},{"@type":"Person","@id":"https:\/\/www.franchiseverband.com\/blog\/#\/schema\/person\/9d6ef54f6e436968a09cad43a38d0957","name":"Antje Katrin Piel","image":{"@type":"ImageObject","inLanguage":"de","@id":"https:\/\/secure.gravatar.com\/avatar\/a08016daa6e518d8d00b4ee2a5bcf3dd39fe6d7d183d6029a887907a433f1248?s=96&d=mm&r=g","url":"https:\/\/secure.gravatar.com\/avatar\/a08016daa6e518d8d00b4ee2a5bcf3dd39fe6d7d183d6029a887907a433f1248?s=96&d=mm&r=g","contentUrl":"https:\/\/secure.gravatar.com\/avatar\/a08016daa6e518d8d00b4ee2a5bcf3dd39fe6d7d183d6029a887907a433f1248?s=96&d=mm&r=g","caption":"Antje Katrin Piel"},"description":"Kommunikation steuern, Marken st\u00e4rken, Image pr\u00e4gen. Das Ziel: Die bunte Vielfalt der Franchisewirtschaft zeichnen \u2013 in \u00d6ffentlichkeit und Medien.","sameAs":["http:\/\/www.franchiseverband.com"],"url":"https:\/\/www.franchiseverband.com\/blog\/author\/antje-katrin-piel"}]}},"_links":{"self":[{"href":"https:\/\/www.franchiseverband.com\/blog\/wp-json\/wp\/v2\/posts\/20769793","targetHints":{"allow":["GET"]}}],"collection":[{"href":"https:\/\/www.franchiseverband.com\/blog\/wp-json\/wp\/v2\/posts"}],"about":[{"href":"https:\/\/www.franchiseverband.com\/blog\/wp-json\/wp\/v2\/types\/post"}],"author":[{"embeddable":true,"href":"https:\/\/www.franchiseverband.com\/blog\/wp-json\/wp\/v2\/users\/28"}],"replies":[{"embeddable":true,"href":"https:\/\/www.franchiseverband.com\/blog\/wp-json\/wp\/v2\/comments?post=20769793"}],"version-history":[{"count":0,"href":"https:\/\/www.franchiseverband.com\/blog\/wp-json\/wp\/v2\/posts\/20769793\/revisions"}],"wp:attachment":[{"href":"https:\/\/www.franchiseverband.com\/blog\/wp-json\/wp\/v2\/media?parent=20769793"}],"wp:term":[{"taxonomy":"category","embeddable":true,"href":"https:\/\/www.franchiseverband.com\/blog\/wp-json\/wp\/v2\/categories?post=20769793"},{"taxonomy":"post_tag","embeddable":true,"href":"https:\/\/www.franchiseverband.com\/blog\/wp-json\/wp\/v2\/tags?post=20769793"}],"curies":[{"name":"wp","href":"https:\/\/api.w.org\/{rel}","templated":true}]}}