{"id":20774532,"date":"2024-04-24T08:22:17","date_gmt":"2024-04-24T06:22:17","guid":{"rendered":"https:\/\/www.franchiseverband.com\/blog\/?p=20774532"},"modified":"2024-04-24T08:22:17","modified_gmt":"2024-04-24T06:22:17","slug":"franchise-awards-2024-das-sind-die-nominierten","status":"publish","type":"post","link":"https:\/\/www.franchiseverband.com\/blog\/2024\/04\/24\/franchise-awards-2024-das-sind-die-nominierten","title":{"rendered":"Franchise Awards 2024: Das sind die Nominierten!"},"content":{"rendered":"<p><a href=\"https:\/\/www.franchiseverband.com\/blog\/wp-content\/uploads\/2024\/04\/FranchiseAwards-1.png\"><img loading=\"lazy\" decoding=\"async\" class=\"size-medium wp-image-20774537 alignright\" src=\"https:\/\/www.franchiseverband.com\/blog\/wp-content\/uploads\/2024\/04\/FranchiseAwards-1-300x187.png\" alt=\"\" width=\"300\" height=\"187\" srcset=\"https:\/\/www.franchiseverband.com\/blog\/wp-content\/uploads\/2024\/04\/FranchiseAwards-1-300x187.png 300w, https:\/\/www.franchiseverband.com\/blog\/wp-content\/uploads\/2024\/04\/FranchiseAwards-1-1024x639.png 1024w, https:\/\/www.franchiseverband.com\/blog\/wp-content\/uploads\/2024\/04\/FranchiseAwards-1-768x479.png 768w, https:\/\/www.franchiseverband.com\/blog\/wp-content\/uploads\/2024\/04\/FranchiseAwards-1-600x374.png 600w, https:\/\/www.franchiseverband.com\/blog\/wp-content\/uploads\/2024\/04\/FranchiseAwards-1-1536x958.png 1536w, https:\/\/www.franchiseverband.com\/blog\/wp-content\/uploads\/2024\/04\/FranchiseAwards-1-2048x1277.png 2048w\" sizes=\"(max-width: 300px) 100vw, 300px\" \/><\/a>Die vergangene Woche war von gespannter Erwartung gepr\u00e4gt, als sich die Jury der Franchise Awards digital zusammensetzte. Motiviert machte sie sich daran, aus den beeindruckenden Einreichungen die besten neun auszuw\u00e4hlen. Und das wurde sich keinesfalls leicht gemacht \u2013 bis die Shortlist stand wurde lange gesichtet, bewertet und angeregt diskutiert. Doch nun stehen sie fest, die Nominierten f\u00fcr die Franchise Awards 2024:<\/p>\n<p><!--more--><\/p>\n<p><strong>Nominiert f\u00fcr das FRANCHISESYSTEM DES JAHRES sind:<br \/>\n<\/strong><\/p>\n<ul>\n<li>e-Motion experts GmbH<\/li>\n<li>FSP Unternehmensgruppe<\/li>\n<li>Hans im Gl\u00fcck Franchise GmbH<\/li>\n<\/ul>\n<p><strong>Nominiert f\u00fcr die FRANCHISEGR\u00dcNDUNG DES JAHRES sind:<\/strong><\/p>\n<ul>\n<li>Tobias Keller<br \/>\n<em><em>Home Instead \/ Betreuungsdienst Dr. Keller GmbH<\/em><\/em><\/li>\n<li>Lea Liesen<br \/>\n<em>Domino\u2019s Pizza <\/em><\/li>\n<li>Mio Lindner<br \/>\n<em>Duden Institute f\u00fcr Lerntherapie<br \/>\n<\/em><\/li>\n<\/ul>\n<p><strong>Nominiert f\u00fcr den NACHHALTIGKEITSPREIS DES JAHRES sind:<\/strong><\/p>\n<ul>\n<li>Domino\u2019s Pizza Deutschland GmbH<\/li>\n<li>Haferkater GmbH<\/li>\n<li>Kvik A\/S<\/li>\n<\/ul>\n<p><strong>Wer in diesem Jahr die begehrten Auszeichnungen in den drei Kategorien erh\u00e4lt, wird am Mittwoch, den 15. Mai beim Fr\u00fchlingsfest der Franchisewirtschaft (Teil des Franchise Forums 2024) im berliner Radialsystem bekannt gegeben.<\/strong><\/p>\n<p>Wir gratulieren den Nominierten bereits jetzt herzlich und danken allen Bewerbern f\u00fcr ihre engagierten Einreichungen. Das Rennen war auch in diesem Jahr wieder \u00e4u\u00dferst knapp!<\/p>\n<hr \/>\n<p>\u00dcber das bew\u00e4hrte digitale Bewerbungs- und Bewertungstools waren die Jurymitglieder aufgerufen, die 22 Einreichungen zu sichten und ihre Bewertungen in das System einzugeben. Zur Jury geh\u00f6rten:<\/p>\n<p><a href=\"https:\/\/www.franchiseverband.com\/blog\/wp-content\/uploads\/2024\/04\/IMG_6054-scaled.jpg\"><img loading=\"lazy\" decoding=\"async\" class=\"size-medium wp-image-20774534 alignright\" src=\"https:\/\/www.franchiseverband.com\/blog\/wp-content\/uploads\/2024\/04\/IMG_6054-300x225.jpg\" alt=\"\" width=\"300\" height=\"225\" srcset=\"https:\/\/www.franchiseverband.com\/blog\/wp-content\/uploads\/2024\/04\/IMG_6054-300x225.jpg 300w, https:\/\/www.franchiseverband.com\/blog\/wp-content\/uploads\/2024\/04\/IMG_6054-1024x768.jpg 1024w, https:\/\/www.franchiseverband.com\/blog\/wp-content\/uploads\/2024\/04\/IMG_6054-768x576.jpg 768w, https:\/\/www.franchiseverband.com\/blog\/wp-content\/uploads\/2024\/04\/IMG_6054-600x450.jpg 600w, https:\/\/www.franchiseverband.com\/blog\/wp-content\/uploads\/2024\/04\/IMG_6054-1536x1152.jpg 1536w, https:\/\/www.franchiseverband.com\/blog\/wp-content\/uploads\/2024\/04\/IMG_6054-2048x1536.jpg 2048w, https:\/\/www.franchiseverband.com\/blog\/wp-content\/uploads\/2024\/04\/IMG_6054-320x240.jpg 320w\" sizes=\"(max-width: 300px) 100vw, 300px\" \/><\/a><\/p>\n<ul>\n<li>Martin Ahlert, Internationales Centrum f\u00fcr Franchising und Cooperation<\/li>\n<li>Veronika Bellone, Bellone FRANCHISE CONSULTING GmbH<\/li>\n<li>Frank Bermbach, Cronbank AG<\/li>\n<li>Kai Enders, Pr\u00e4sident Deutscher Franchiseverband e.V.<\/li>\n<li>Stephan Jansen, Verband Deutscher B\u00fcrgschaftsbanken e.V.<\/li>\n<li>Dr. J\u00fcrgen Karsten, ETL AG<\/li>\n<li>Jan Schmelzle, Deutscher Franchiseverband e.V.<\/li>\n<\/ul>\n<p>&nbsp;<\/p>\n","protected":false},"excerpt":{"rendered":"<p>Die vergangene Woche war von gespannter Erwartung gepr\u00e4gt, als sich die Jury der Franchise Awards digital zusammensetzte. Motiviert machte sie sich daran, aus den beeindruckenden Einreichungen die besten neun auszuw\u00e4hlen. Und das wurde sich keinesfalls leicht gemacht \u2013 bis die Shortlist stand wurde lange gesichtet, bewertet und angeregt diskutiert. Doch nun stehen sie fest, die [&hellip;]<\/p>\n","protected":false},"author":28,"featured_media":0,"comment_status":"open","ping_status":"closed","sticky":false,"template":"","format":"standard","meta":{"footnotes":""},"categories":[1],"tags":[2126,2054,2136,2137,1879],"class_list":["post-20774532","post","type-post","status-publish","format-standard","hentry","category-allgemein","tag-franchise-awards-2024","tag-franchisegruendung-des-jahres-2022","tag-franchisesystem-des-jahres-2024","tag-nachhaltigkeitspreis-2024","tag-shortlist"],"yoast_head":"<!-- This site is optimized with the Yoast SEO plugin v27.9 - https:\/\/yoast.com\/product\/yoast-seo-wordpress\/ -->\n<title>Franchise Awards 2024: Das sind die Nominierten! - Deutscher Franchiseverband<\/title>\n<meta name=\"robots\" content=\"index, follow, max-snippet:-1, max-image-preview:large, max-video-preview:-1\" \/>\n<link rel=\"canonical\" href=\"https:\/\/www.franchiseverband.com\/blog\/2024\/04\/24\/franchise-awards-2024-das-sind-die-nominierten\" \/>\n<meta property=\"og:locale\" content=\"de_DE\" \/>\n<meta property=\"og:type\" content=\"article\" \/>\n<meta property=\"og:title\" content=\"Franchise Awards 2024: Das sind die Nominierten! - Deutscher Franchiseverband\" \/>\n<meta property=\"og:description\" content=\"Die vergangene Woche war von gespannter Erwartung gepr\u00e4gt, als sich die Jury der Franchise Awards digital zusammensetzte. Motiviert machte sie sich daran, aus den beeindruckenden Einreichungen die besten neun auszuw\u00e4hlen. Und das wurde sich keinesfalls leicht gemacht \u2013 bis die Shortlist stand wurde lange gesichtet, bewertet und angeregt diskutiert. Doch nun stehen sie fest, die [&hellip;]\" \/>\n<meta property=\"og:url\" content=\"https:\/\/www.franchiseverband.com\/blog\/2024\/04\/24\/franchise-awards-2024-das-sind-die-nominierten\" \/>\n<meta property=\"og:site_name\" content=\"Deutscher Franchiseverband\" \/>\n<meta property=\"article:publisher\" content=\"https:\/\/www.facebook.com\/Franchisewirtschaft\/\" \/>\n<meta property=\"article:published_time\" content=\"2024-04-24T06:22:17+00:00\" \/>\n<meta property=\"og:image\" content=\"https:\/\/www.franchiseverband.com\/blog\/wp-content\/uploads\/2024\/04\/FranchiseAwards-1-300x187.png\" \/>\n<meta name=\"author\" content=\"Antje Katrin Piel\" \/>\n<meta name=\"twitter:card\" content=\"summary_large_image\" \/>\n<meta name=\"twitter:label1\" content=\"Verfasst von\" \/>\n\t<meta name=\"twitter:data1\" content=\"Antje Katrin Piel\" \/>\n\t<meta name=\"twitter:label2\" content=\"Gesch\u00e4tzte Lesezeit\" \/>\n\t<meta name=\"twitter:data2\" content=\"2\u00a0Minuten\" \/>\n<script type=\"application\/ld+json\" class=\"yoast-schema-graph\">{\"@context\":\"https:\\\/\\\/schema.org\",\"@graph\":[{\"@type\":\"Article\",\"@id\":\"https:\\\/\\\/www.franchiseverband.com\\\/blog\\\/2024\\\/04\\\/24\\\/franchise-awards-2024-das-sind-die-nominierten#article\",\"isPartOf\":{\"@id\":\"https:\\\/\\\/www.franchiseverband.com\\\/blog\\\/2024\\\/04\\\/24\\\/franchise-awards-2024-das-sind-die-nominierten\"},\"author\":{\"name\":\"Antje Katrin Piel\",\"@id\":\"https:\\\/\\\/www.franchiseverband.com\\\/blog\\\/#\\\/schema\\\/person\\\/9d6ef54f6e436968a09cad43a38d0957\"},\"headline\":\"Franchise Awards 2024: Das sind die Nominierten!\",\"datePublished\":\"2024-04-24T06:22:17+00:00\",\"mainEntityOfPage\":{\"@id\":\"https:\\\/\\\/www.franchiseverband.com\\\/blog\\\/2024\\\/04\\\/24\\\/franchise-awards-2024-das-sind-die-nominierten\"},\"wordCount\":268,\"commentCount\":0,\"publisher\":{\"@id\":\"https:\\\/\\\/www.franchiseverband.com\\\/blog\\\/#organization\"},\"image\":{\"@id\":\"https:\\\/\\\/www.franchiseverband.com\\\/blog\\\/2024\\\/04\\\/24\\\/franchise-awards-2024-das-sind-die-nominierten#primaryimage\"},\"thumbnailUrl\":\"https:\\\/\\\/www.franchiseverband.com\\\/blog\\\/wp-content\\\/uploads\\\/2024\\\/04\\\/FranchiseAwards-1-300x187.png\",\"keywords\":[\"Franchise Awards 2024\",\"Franchisegr\u00fcndung des Jahres 2022\",\"Franchisesystem des Jahres 2024\",\"Nachhaltigkeitspreis 2024\",\"Shortlist\"],\"inLanguage\":\"de\"},{\"@type\":\"WebPage\",\"@id\":\"https:\\\/\\\/www.franchiseverband.com\\\/blog\\\/2024\\\/04\\\/24\\\/franchise-awards-2024-das-sind-die-nominierten\",\"url\":\"https:\\\/\\\/www.franchiseverband.com\\\/blog\\\/2024\\\/04\\\/24\\\/franchise-awards-2024-das-sind-die-nominierten\",\"name\":\"Franchise Awards 2024: Das sind die Nominierten! - Deutscher Franchiseverband\",\"isPartOf\":{\"@id\":\"https:\\\/\\\/www.franchiseverband.com\\\/blog\\\/#website\"},\"primaryImageOfPage\":{\"@id\":\"https:\\\/\\\/www.franchiseverband.com\\\/blog\\\/2024\\\/04\\\/24\\\/franchise-awards-2024-das-sind-die-nominierten#primaryimage\"},\"image\":{\"@id\":\"https:\\\/\\\/www.franchiseverband.com\\\/blog\\\/2024\\\/04\\\/24\\\/franchise-awards-2024-das-sind-die-nominierten#primaryimage\"},\"thumbnailUrl\":\"https:\\\/\\\/www.franchiseverband.com\\\/blog\\\/wp-content\\\/uploads\\\/2024\\\/04\\\/FranchiseAwards-1-300x187.png\",\"datePublished\":\"2024-04-24T06:22:17+00:00\",\"breadcrumb\":{\"@id\":\"https:\\\/\\\/www.franchiseverband.com\\\/blog\\\/2024\\\/04\\\/24\\\/franchise-awards-2024-das-sind-die-nominierten#breadcrumb\"},\"inLanguage\":\"de\",\"potentialAction\":[{\"@type\":\"ReadAction\",\"target\":[\"https:\\\/\\\/www.franchiseverband.com\\\/blog\\\/2024\\\/04\\\/24\\\/franchise-awards-2024-das-sind-die-nominierten\"]}]},{\"@type\":\"ImageObject\",\"inLanguage\":\"de\",\"@id\":\"https:\\\/\\\/www.franchiseverband.com\\\/blog\\\/2024\\\/04\\\/24\\\/franchise-awards-2024-das-sind-die-nominierten#primaryimage\",\"url\":\"https:\\\/\\\/www.franchiseverband.com\\\/blog\\\/wp-content\\\/uploads\\\/2024\\\/04\\\/FranchiseAwards-1.png\",\"contentUrl\":\"https:\\\/\\\/www.franchiseverband.com\\\/blog\\\/wp-content\\\/uploads\\\/2024\\\/04\\\/FranchiseAwards-1.png\",\"width\":3411,\"height\":2127},{\"@type\":\"BreadcrumbList\",\"@id\":\"https:\\\/\\\/www.franchiseverband.com\\\/blog\\\/2024\\\/04\\\/24\\\/franchise-awards-2024-das-sind-die-nominierten#breadcrumb\",\"itemListElement\":[{\"@type\":\"ListItem\",\"position\":1,\"name\":\"Startseite\",\"item\":\"https:\\\/\\\/www.franchiseverband.com\\\/blog\"},{\"@type\":\"ListItem\",\"position\":2,\"name\":\"Franchise Awards 2024: Das sind die Nominierten!\"}]},{\"@type\":\"WebSite\",\"@id\":\"https:\\\/\\\/www.franchiseverband.com\\\/blog\\\/#website\",\"url\":\"https:\\\/\\\/www.franchiseverband.com\\\/blog\\\/\",\"name\":\"Deutscher Franchiseverband\",\"description\":\"Neuigkeiten aus der Franchisewirtschaft - Aktuelles, Entwicklungen, Trends und Tipps\",\"publisher\":{\"@id\":\"https:\\\/\\\/www.franchiseverband.com\\\/blog\\\/#organization\"},\"potentialAction\":[{\"@type\":\"SearchAction\",\"target\":{\"@type\":\"EntryPoint\",\"urlTemplate\":\"https:\\\/\\\/www.franchiseverband.com\\\/blog\\\/?s={search_term_string}\"},\"query-input\":{\"@type\":\"PropertyValueSpecification\",\"valueRequired\":true,\"valueName\":\"search_term_string\"}}],\"inLanguage\":\"de\"},{\"@type\":\"Organization\",\"@id\":\"https:\\\/\\\/www.franchiseverband.com\\\/blog\\\/#organization\",\"name\":\"Deutscher Franchiseverband e.V.\",\"url\":\"https:\\\/\\\/www.franchiseverband.com\\\/blog\\\/\",\"logo\":{\"@type\":\"ImageObject\",\"inLanguage\":\"de\",\"@id\":\"https:\\\/\\\/www.franchiseverband.com\\\/blog\\\/#\\\/schema\\\/logo\\\/image\\\/\",\"url\":\"https:\\\/\\\/www.franchiseverband.com\\\/blog\\\/wp-content\\\/uploads\\\/2017\\\/12\\\/dfv-logo.svg\",\"contentUrl\":\"https:\\\/\\\/www.franchiseverband.com\\\/blog\\\/wp-content\\\/uploads\\\/2017\\\/12\\\/dfv-logo.svg\",\"width\":1,\"height\":1,\"caption\":\"Deutscher Franchiseverband e.V.\"},\"image\":{\"@id\":\"https:\\\/\\\/www.franchiseverband.com\\\/blog\\\/#\\\/schema\\\/logo\\\/image\\\/\"},\"sameAs\":[\"https:\\\/\\\/www.facebook.com\\\/Franchisewirtschaft\\\/\"]},{\"@type\":\"Person\",\"@id\":\"https:\\\/\\\/www.franchiseverband.com\\\/blog\\\/#\\\/schema\\\/person\\\/9d6ef54f6e436968a09cad43a38d0957\",\"name\":\"Antje Katrin Piel\",\"image\":{\"@type\":\"ImageObject\",\"inLanguage\":\"de\",\"@id\":\"https:\\\/\\\/secure.gravatar.com\\\/avatar\\\/a08016daa6e518d8d00b4ee2a5bcf3dd39fe6d7d183d6029a887907a433f1248?s=96&d=mm&r=g\",\"url\":\"https:\\\/\\\/secure.gravatar.com\\\/avatar\\\/a08016daa6e518d8d00b4ee2a5bcf3dd39fe6d7d183d6029a887907a433f1248?s=96&d=mm&r=g\",\"contentUrl\":\"https:\\\/\\\/secure.gravatar.com\\\/avatar\\\/a08016daa6e518d8d00b4ee2a5bcf3dd39fe6d7d183d6029a887907a433f1248?s=96&d=mm&r=g\",\"caption\":\"Antje Katrin Piel\"},\"description\":\"Kommunikation steuern, Marken st\u00e4rken, Image pr\u00e4gen. Das Ziel: Die bunte Vielfalt der Franchisewirtschaft zeichnen \u2013 in \u00d6ffentlichkeit und Medien.\",\"sameAs\":[\"http:\\\/\\\/www.franchiseverband.com\"],\"url\":\"https:\\\/\\\/www.franchiseverband.com\\\/blog\\\/author\\\/antje-katrin-piel\"}]}<\/script>\n<!-- \/ Yoast SEO plugin. -->","yoast_head_json":{"title":"Franchise Awards 2024: Das sind die Nominierten! - Deutscher Franchiseverband","robots":{"index":"index","follow":"follow","max-snippet":"max-snippet:-1","max-image-preview":"max-image-preview:large","max-video-preview":"max-video-preview:-1"},"canonical":"https:\/\/www.franchiseverband.com\/blog\/2024\/04\/24\/franchise-awards-2024-das-sind-die-nominierten","og_locale":"de_DE","og_type":"article","og_title":"Franchise Awards 2024: Das sind die Nominierten! - Deutscher Franchiseverband","og_description":"Die vergangene Woche war von gespannter Erwartung gepr\u00e4gt, als sich die Jury der Franchise Awards digital zusammensetzte. Motiviert machte sie sich daran, aus den beeindruckenden Einreichungen die besten neun auszuw\u00e4hlen. Und das wurde sich keinesfalls leicht gemacht \u2013 bis die Shortlist stand wurde lange gesichtet, bewertet und angeregt diskutiert. Doch nun stehen sie fest, die [&hellip;]","og_url":"https:\/\/www.franchiseverband.com\/blog\/2024\/04\/24\/franchise-awards-2024-das-sind-die-nominierten","og_site_name":"Deutscher Franchiseverband","article_publisher":"https:\/\/www.facebook.com\/Franchisewirtschaft\/","article_published_time":"2024-04-24T06:22:17+00:00","og_image":[{"url":"https:\/\/www.franchiseverband.com\/blog\/wp-content\/uploads\/2024\/04\/FranchiseAwards-1-300x187.png","type":"","width":"","height":""}],"author":"Antje Katrin Piel","twitter_card":"summary_large_image","twitter_misc":{"Verfasst von":"Antje Katrin Piel","Gesch\u00e4tzte Lesezeit":"2\u00a0Minuten"},"schema":{"@context":"https:\/\/schema.org","@graph":[{"@type":"Article","@id":"https:\/\/www.franchiseverband.com\/blog\/2024\/04\/24\/franchise-awards-2024-das-sind-die-nominierten#article","isPartOf":{"@id":"https:\/\/www.franchiseverband.com\/blog\/2024\/04\/24\/franchise-awards-2024-das-sind-die-nominierten"},"author":{"name":"Antje Katrin Piel","@id":"https:\/\/www.franchiseverband.com\/blog\/#\/schema\/person\/9d6ef54f6e436968a09cad43a38d0957"},"headline":"Franchise Awards 2024: Das sind die Nominierten!","datePublished":"2024-04-24T06:22:17+00:00","mainEntityOfPage":{"@id":"https:\/\/www.franchiseverband.com\/blog\/2024\/04\/24\/franchise-awards-2024-das-sind-die-nominierten"},"wordCount":268,"commentCount":0,"publisher":{"@id":"https:\/\/www.franchiseverband.com\/blog\/#organization"},"image":{"@id":"https:\/\/www.franchiseverband.com\/blog\/2024\/04\/24\/franchise-awards-2024-das-sind-die-nominierten#primaryimage"},"thumbnailUrl":"https:\/\/www.franchiseverband.com\/blog\/wp-content\/uploads\/2024\/04\/FranchiseAwards-1-300x187.png","keywords":["Franchise Awards 2024","Franchisegr\u00fcndung des Jahres 2022","Franchisesystem des Jahres 2024","Nachhaltigkeitspreis 2024","Shortlist"],"inLanguage":"de"},{"@type":"WebPage","@id":"https:\/\/www.franchiseverband.com\/blog\/2024\/04\/24\/franchise-awards-2024-das-sind-die-nominierten","url":"https:\/\/www.franchiseverband.com\/blog\/2024\/04\/24\/franchise-awards-2024-das-sind-die-nominierten","name":"Franchise Awards 2024: Das sind die Nominierten! - Deutscher Franchiseverband","isPartOf":{"@id":"https:\/\/www.franchiseverband.com\/blog\/#website"},"primaryImageOfPage":{"@id":"https:\/\/www.franchiseverband.com\/blog\/2024\/04\/24\/franchise-awards-2024-das-sind-die-nominierten#primaryimage"},"image":{"@id":"https:\/\/www.franchiseverband.com\/blog\/2024\/04\/24\/franchise-awards-2024-das-sind-die-nominierten#primaryimage"},"thumbnailUrl":"https:\/\/www.franchiseverband.com\/blog\/wp-content\/uploads\/2024\/04\/FranchiseAwards-1-300x187.png","datePublished":"2024-04-24T06:22:17+00:00","breadcrumb":{"@id":"https:\/\/www.franchiseverband.com\/blog\/2024\/04\/24\/franchise-awards-2024-das-sind-die-nominierten#breadcrumb"},"inLanguage":"de","potentialAction":[{"@type":"ReadAction","target":["https:\/\/www.franchiseverband.com\/blog\/2024\/04\/24\/franchise-awards-2024-das-sind-die-nominierten"]}]},{"@type":"ImageObject","inLanguage":"de","@id":"https:\/\/www.franchiseverband.com\/blog\/2024\/04\/24\/franchise-awards-2024-das-sind-die-nominierten#primaryimage","url":"https:\/\/www.franchiseverband.com\/blog\/wp-content\/uploads\/2024\/04\/FranchiseAwards-1.png","contentUrl":"https:\/\/www.franchiseverband.com\/blog\/wp-content\/uploads\/2024\/04\/FranchiseAwards-1.png","width":3411,"height":2127},{"@type":"BreadcrumbList","@id":"https:\/\/www.franchiseverband.com\/blog\/2024\/04\/24\/franchise-awards-2024-das-sind-die-nominierten#breadcrumb","itemListElement":[{"@type":"ListItem","position":1,"name":"Startseite","item":"https:\/\/www.franchiseverband.com\/blog"},{"@type":"ListItem","position":2,"name":"Franchise Awards 2024: Das sind die Nominierten!"}]},{"@type":"WebSite","@id":"https:\/\/www.franchiseverband.com\/blog\/#website","url":"https:\/\/www.franchiseverband.com\/blog\/","name":"Deutscher Franchiseverband","description":"Neuigkeiten aus der Franchisewirtschaft - Aktuelles, Entwicklungen, Trends und Tipps","publisher":{"@id":"https:\/\/www.franchiseverband.com\/blog\/#organization"},"potentialAction":[{"@type":"SearchAction","target":{"@type":"EntryPoint","urlTemplate":"https:\/\/www.franchiseverband.com\/blog\/?s={search_term_string}"},"query-input":{"@type":"PropertyValueSpecification","valueRequired":true,"valueName":"search_term_string"}}],"inLanguage":"de"},{"@type":"Organization","@id":"https:\/\/www.franchiseverband.com\/blog\/#organization","name":"Deutscher Franchiseverband e.V.","url":"https:\/\/www.franchiseverband.com\/blog\/","logo":{"@type":"ImageObject","inLanguage":"de","@id":"https:\/\/www.franchiseverband.com\/blog\/#\/schema\/logo\/image\/","url":"https:\/\/www.franchiseverband.com\/blog\/wp-content\/uploads\/2017\/12\/dfv-logo.svg","contentUrl":"https:\/\/www.franchiseverband.com\/blog\/wp-content\/uploads\/2017\/12\/dfv-logo.svg","width":1,"height":1,"caption":"Deutscher Franchiseverband e.V."},"image":{"@id":"https:\/\/www.franchiseverband.com\/blog\/#\/schema\/logo\/image\/"},"sameAs":["https:\/\/www.facebook.com\/Franchisewirtschaft\/"]},{"@type":"Person","@id":"https:\/\/www.franchiseverband.com\/blog\/#\/schema\/person\/9d6ef54f6e436968a09cad43a38d0957","name":"Antje Katrin Piel","image":{"@type":"ImageObject","inLanguage":"de","@id":"https:\/\/secure.gravatar.com\/avatar\/a08016daa6e518d8d00b4ee2a5bcf3dd39fe6d7d183d6029a887907a433f1248?s=96&d=mm&r=g","url":"https:\/\/secure.gravatar.com\/avatar\/a08016daa6e518d8d00b4ee2a5bcf3dd39fe6d7d183d6029a887907a433f1248?s=96&d=mm&r=g","contentUrl":"https:\/\/secure.gravatar.com\/avatar\/a08016daa6e518d8d00b4ee2a5bcf3dd39fe6d7d183d6029a887907a433f1248?s=96&d=mm&r=g","caption":"Antje Katrin Piel"},"description":"Kommunikation steuern, Marken st\u00e4rken, Image pr\u00e4gen. Das Ziel: Die bunte Vielfalt der Franchisewirtschaft zeichnen \u2013 in \u00d6ffentlichkeit und Medien.","sameAs":["http:\/\/www.franchiseverband.com"],"url":"https:\/\/www.franchiseverband.com\/blog\/author\/antje-katrin-piel"}]}},"_links":{"self":[{"href":"https:\/\/www.franchiseverband.com\/blog\/wp-json\/wp\/v2\/posts\/20774532","targetHints":{"allow":["GET"]}}],"collection":[{"href":"https:\/\/www.franchiseverband.com\/blog\/wp-json\/wp\/v2\/posts"}],"about":[{"href":"https:\/\/www.franchiseverband.com\/blog\/wp-json\/wp\/v2\/types\/post"}],"author":[{"embeddable":true,"href":"https:\/\/www.franchiseverband.com\/blog\/wp-json\/wp\/v2\/users\/28"}],"replies":[{"embeddable":true,"href":"https:\/\/www.franchiseverband.com\/blog\/wp-json\/wp\/v2\/comments?post=20774532"}],"version-history":[{"count":5,"href":"https:\/\/www.franchiseverband.com\/blog\/wp-json\/wp\/v2\/posts\/20774532\/revisions"}],"predecessor-version":[{"id":20774548,"href":"https:\/\/www.franchiseverband.com\/blog\/wp-json\/wp\/v2\/posts\/20774532\/revisions\/20774548"}],"wp:attachment":[{"href":"https:\/\/www.franchiseverband.com\/blog\/wp-json\/wp\/v2\/media?parent=20774532"}],"wp:term":[{"taxonomy":"category","embeddable":true,"href":"https:\/\/www.franchiseverband.com\/blog\/wp-json\/wp\/v2\/categories?post=20774532"},{"taxonomy":"post_tag","embeddable":true,"href":"https:\/\/www.franchiseverband.com\/blog\/wp-json\/wp\/v2\/tags?post=20774532"}],"curies":[{"name":"wp","href":"https:\/\/api.w.org\/{rel}","templated":true}]}}